{"id":24859,"date":"2022-11-02T10:50:42","date_gmt":"2022-11-02T10:50:42","guid":{"rendered":"https:\/\/chilimafia.com\/la-mafia-du-piment-a-la-fete-du-piment-a-espelette\/"},"modified":"2024-07-23T08:28:19","modified_gmt":"2024-07-23T08:28:19","slug":"la-mafia-du-piment-a-la-fete-du-piment-a-espelette","status":"publish","type":"post","link":"https:\/\/chilimafia.com\/fr\/la-mafia-du-piment-a-la-fete-du-piment-a-espelette","title":{"rendered":"La mafia du piment \u00e0 la f\u00eate du piment \u00e0 Espelette"},"content":{"rendered":"\n<div style=\"height:19px\" aria-hidden=\"true\" class=\"wp-block-spacer\"><\/div>\n\n\n\n<h2 class=\"wp-block-heading\">D\u00e9couvertes gourmandes et piments d&rsquo;Espelette<\/h2>\n\n\n\n<p>Le 29 octobre, le petit village basque d&rsquo;Espelette a de nouveau c\u00e9l\u00e9br\u00e9 sa f\u00eate annuelle du piment. Cette ann\u00e9e, la mafia du piment y sera de nouveau, mais uniquement en tant que visiteur.<\/p>\n\n\n\n<p>Cette f\u00eate du piment est une exp\u00e9rience indescriptiblement belle pour tous les fans de piment et les amateurs de bonne gastronomie. Pendant deux jours, ce village fait la f\u00eate et des milliers de visiteurs se joignent aux producteurs et savourent les d\u00e9lices culinaires que l&rsquo;on peut d\u00e9guster dans ce village &#8211; et pas seulement pendant la f\u00eate du piment d&rsquo;Espelette : Des gaufres aux terrines au piment ou au chocolat au piment, en passant par les piments marin\u00e9s, la charcuterie au piment ou encore le fromage au piment, la cr\u00e9ativit\u00e9 est sans limite. Bien entendu, tous les produits de la r\u00e9gion sont fabriqu\u00e9s par des producteurs r\u00e9gionaux, exclusivement avec le piment d&rsquo;Espelette.<\/p>\n\n\n\n<p>Cette vari\u00e9t\u00e9 de piment est \u00e9galement tr\u00e8s appr\u00e9ci\u00e9e parce qu&rsquo;il s&rsquo;agit d&rsquo;une vari\u00e9t\u00e9 de piment tr\u00e8s douce avec un piquant de courte dur\u00e9e : avec ses \u00e0 peine 1.500 &#8211; 2.500 Scoville, le piment d&rsquo;Espelette, comme on dit en fran\u00e7ais, est une vari\u00e9t\u00e9 de piment que m\u00eame les enfants et les d\u00e9butants en piment peuvent manger sans probl\u00e8me. <\/p>\n\n\n\n<p>Cela rend \u00e9galement l&rsquo;ensemble des produits \u00e0 base de piment d&rsquo;Espelette int\u00e9ressants pour une client\u00e8le plus large, car le piquant est un vrai plaisir pour tout le monde et ne comporte aucun \u00ab\u00a0risque\u00a0\u00bb en soi. <\/p>\n\n\n\n<div class=\"wp-block-media-text alignwide is-stacked-on-mobile\"><figure class=\"wp-block-media-text__media\"><img decoding=\"async\" src=\"https:\/\/chilimafia.com\/wp-content\/uploads\/2022\/11\/espelette-auf.jpg\" alt=\"\" class=\"wp-image-24818 size-full\" \/><\/figure><div class=\"wp-block-media-text__content\">\n<h2 class=\"wp-block-heading\">Voici comment le piment d&rsquo;Espelette est transform\u00e9 en poudre de piment<\/h2>\n\n\n\n<p>La r\u00e9colte du piment d&rsquo;Espelette commence en ao\u00fbt et ne se termine qu&rsquo;\u00e0 partir des premi\u00e8res gel\u00e9es, en d\u00e9cembre. Les gousses de piment sont s\u00e9ch\u00e9es pendant environ 15 jours sur une grille o\u00f9 elles d\u00e9veloppent leur ar\u00f4me gr\u00e2ce au s\u00e9chage lent \u00e0 l&rsquo;air. Ils sont ensuite \u00e9queut\u00e9s et r\u00e9partis \u00e0 nouveau sur des grilles, sur lesquelles ils sont ensuite s\u00e9ch\u00e9s au four \u00e0 une temp\u00e9rature mod\u00e9r\u00e9e.  <\/p>\n\n\n\n<p>Une fois la proc\u00e9dure termin\u00e9e, les piments s\u00e9ch\u00e9s sont transform\u00e9s en poudre de piment.<\/p>\n\n\n\n<p>Autrefois, les producteurs enfilaient les piments sur des fils \u00e0 l&rsquo;aide d&rsquo;une aiguille et les suspendaient aux fa\u00e7ades des maisons. Les piments d&rsquo;Espelette y restaient jusqu&rsquo;\u00e0 deux mois avant d&rsquo;\u00eatre s\u00e9ch\u00e9s dans un four \u00e0 pain, puis transform\u00e9s en poudre.  <\/p>\n\n\n\n<p>Aujourd&rsquo;hui encore, les piments sont enfil\u00e9s sur les fils et suspendus, mais c&rsquo;est plut\u00f4t \u00e0 des fins d\u00e9coratives. Nous avons donc pu admirer cette technique lors de la f\u00eate du chili et vous avons \u00e9galement apport\u00e9 quelques photos.<\/p>\n<\/div><\/div>\n\n\n\n<div class=\"wp-block-media-text alignwide has-media-on-the-right is-stacked-on-mobile\"><figure class=\"wp-block-media-text__media\"><img decoding=\"async\" src=\"https:\/\/chilimafia.com\/wp-content\/uploads\/2022\/11\/chili-espelette.jpg\" alt=\"\" class=\"wp-image-24823 size-full\" \/><\/figure><div class=\"wp-block-media-text__content\">\n<h2 class=\"wp-block-heading\">Ce qu&rsquo;il faut savoir sur le piment d&rsquo;Espelette<\/h2>\n\n\n\n<ul class=\"wp-block-list\"><li>Le piment d&rsquo;Espelette n&rsquo;est pas un l\u00e9gume, comme on pourrait le croire, mais est botaniquement un fruit.<\/li><li>Le piment d&rsquo;Espelette appartient \u00e0 la vari\u00e9t\u00e9 \u00ab\u00a0Gorria\u00a0\u00bb qui existe exclusivement au Pays basque. Gorria signifie \u00ab\u00a0rouge\u00a0\u00bb en basque.<\/li><li>Les piments ont \u00e9t\u00e9 introduits au Pays basque vers 1650. Les femmes basques cultivaient les piments dans leurs potagers pour remplacer les poivrons, qui \u00e9taient tr\u00e8s chers \u00e0 l&rsquo;\u00e9poque.<\/li><li>\u00c0 l&rsquo;origine, les piments d&rsquo;Espelette proviennent du continent am\u00e9ricain, plus pr\u00e9cis\u00e9ment du Mexique.<\/li><\/ul>\n\n\n\n<p><\/p>\n<\/div><\/div>\n\n\n\n<div style=\"height:26px\" aria-hidden=\"true\" class=\"wp-block-spacer\"><\/div>\n\n\n\n<h2 class=\"wp-block-heading\">Voici quelques photos de la f\u00eate du chili \u00e0 Espelette que nous vous avons rapport\u00e9es.<\/h2>\n\n\n\n<figure class=\"wp-block-gallery has-nested-images columns-default is-cropped wp-block-gallery-1 is-layout-flex wp-block-gallery-is-layout-flex\">\n<figure class=\"wp-block-image size-large\"><a href=\"https:\/\/chilimafia.com\/wp-content\/uploads\/2022\/11\/chilifest.jpg\"><img decoding=\"async\" data-id=\"24836\" src=\"https:\/\/chilimafia.com\/wp-content\/uploads\/2022\/11\/chilifest.jpg\" alt=\"\" class=\"wp-image-24836\" \/><\/a><\/figure>\n\n\n\n<figure class=\"wp-block-image size-large\"><a href=\"https:\/\/chilimafia.com\/wp-content\/uploads\/2022\/11\/chilimafia_in_espelette.jpg\"><img decoding=\"async\" data-id=\"24828\" src=\"https:\/\/chilimafia.com\/wp-content\/uploads\/2022\/11\/chilimafia_in_espelette.jpg\" alt=\"\" class=\"wp-image-24828\" \/><\/a><\/figure>\n\n\n\n<figure class=\"wp-block-image size-large\"><a href=\"https:\/\/chilimafia.com\/wp-content\/uploads\/2022\/11\/espelette-chilischoten.jpg\"><img decoding=\"async\" data-id=\"24829\" src=\"https:\/\/chilimafia.com\/wp-content\/uploads\/2022\/11\/espelette-chilischoten.jpg\" alt=\"\" class=\"wp-image-24829\" \/><\/a><\/figure>\n<\/figure>\n","protected":false},"excerpt":{"rendered":"<p>D\u00e9couvertes gourmandes et piments d&rsquo;Espelette Le 29 octobre, le petit village basque d&rsquo;Espelette a de nouveau c\u00e9l\u00e9br\u00e9 sa f\u00eate annuelle&hellip;<\/p>\n","protected":false},"author":1,"featured_media":24850,"comment_status":"closed","ping_status":"closed","sticky":false,"template":"","format":"standard","meta":{"footnotes":""},"categories":[1],"tags":[],"class_list":["post-24859","post","type-post","status-publish","format-standard","has-post-thumbnail","hentry","category-unkategorisiert"],"_links":{"self":[{"href":"https:\/\/chilimafia.com\/fr\/wp-json\/wp\/v2\/posts\/24859","targetHints":{"allow":["GET"]}}],"collection":[{"href":"https:\/\/chilimafia.com\/fr\/wp-json\/wp\/v2\/posts"}],"about":[{"href":"https:\/\/chilimafia.com\/fr\/wp-json\/wp\/v2\/types\/post"}],"author":[{"embeddable":true,"href":"https:\/\/chilimafia.com\/fr\/wp-json\/wp\/v2\/users\/1"}],"replies":[{"embeddable":true,"href":"https:\/\/chilimafia.com\/fr\/wp-json\/wp\/v2\/comments?post=24859"}],"version-history":[{"count":1,"href":"https:\/\/chilimafia.com\/fr\/wp-json\/wp\/v2\/posts\/24859\/revisions"}],"predecessor-version":[{"id":27243,"href":"https:\/\/chilimafia.com\/fr\/wp-json\/wp\/v2\/posts\/24859\/revisions\/27243"}],"wp:featuredmedia":[{"embeddable":true,"href":"https:\/\/chilimafia.com\/fr\/wp-json\/"}],"wp:attachment":[{"href":"https:\/\/chilimafia.com\/fr\/wp-json\/wp\/v2\/media?parent=24859"}],"wp:term":[{"taxonomy":"category","embeddable":true,"href":"https:\/\/chilimafia.com\/fr\/wp-json\/wp\/v2\/categories?post=24859"},{"taxonomy":"post_tag","embeddable":true,"href":"https:\/\/chilimafia.com\/fr\/wp-json\/wp\/v2\/tags?post=24859"}],"curies":[{"name":"wp","href":"https:\/\/api.w.org\/{rel}","templated":true}]}}